{"id":359,"date":"2019-11-29T15:58:19","date_gmt":"2019-11-29T21:58:19","guid":{"rendered":"https:\/\/www.4uic.mx\/en-los-medios\/?p=359"},"modified":"2019-11-29T16:31:24","modified_gmt":"2019-11-29T22:31:24","slug":"filma-corto-con-lopez-tarso","status":"publish","type":"post","link":"https:\/\/www.4uic.mx\/en-los-medios\/filma-corto-con-lopez-tarso.html","title":{"rendered":"Filma corto con L\u00f3pez Tarso"},"content":{"rendered":"<div>Peri\u00f3dico Reforma, Secci\u00f3n Universitarios<\/div>\n<div>29 de noviembre de 2019<\/div>\n<div><\/div>\n<div><strong>Cd. de M\u00e9xico, M\u00e9xico (29 noviembre 2019).-\u00a0<\/strong>Para Leticia Fabi\u00e1n Ruiz, maestra en Guionismo por la Universidad Intercontinental (UIC), las vivencias de su abuelo materno s\u00f3lo pod\u00edan ser representadas en un cortometraje por una persona: el actor Ignacio L\u00f3pez Tarso.<\/div>\n<div><\/div>\n<div><\/div>\n<div><\/div>\n<div><a href=\"https:\/\/www.4uic.mx\/en-los-medios\/files\/2019\/11\/Nota-Reforma-egresada-guionismo-foto-1.png\"><img loading=\"lazy\" class=\"aligncenter size-full wp-image-360\" src=\"https:\/\/www.4uic.mx\/en-los-medios\/files\/2019\/11\/Nota-Reforma-egresada-guionismo-foto-1.png\" alt=\"\" width=\"651\" height=\"845\" srcset=\"https:\/\/www.4uic.mx\/en-los-medios\/files\/2019\/11\/Nota-Reforma-egresada-guionismo-foto-1.png 651w, https:\/\/www.4uic.mx\/en-los-medios\/files\/2019\/11\/Nota-Reforma-egresada-guionismo-foto-1-231x300.png 231w\" sizes=\"(max-width: 651px) 100vw, 651px\" \/><\/a><\/div>\n<div><\/div>\n<div><a href=\"https:\/\/www.4uic.mx\/en-los-medios\/files\/2019\/11\/lopez-tarso.png\"><img loading=\"lazy\" class=\"aligncenter size-full wp-image-362\" src=\"https:\/\/www.4uic.mx\/en-los-medios\/files\/2019\/11\/lopez-tarso.png\" alt=\"\" width=\"410\" height=\"212\" srcset=\"https:\/\/www.4uic.mx\/en-los-medios\/files\/2019\/11\/lopez-tarso.png 410w, https:\/\/www.4uic.mx\/en-los-medios\/files\/2019\/11\/lopez-tarso-300x155.png 300w\" sizes=\"(max-width: 410px) 100vw, 410px\" \/><\/a><\/div>\n<div><\/div>\n<div><a href=\"https:\/\/www.4uic.mx\/en-los-medios\/files\/2019\/11\/lopez-tarso-2.jpg\"><img loading=\"lazy\" class=\"aligncenter size-full wp-image-365\" src=\"https:\/\/www.4uic.mx\/en-los-medios\/files\/2019\/11\/lopez-tarso-2.jpg\" alt=\"\" width=\"569\" height=\"287\" srcset=\"https:\/\/www.4uic.mx\/en-los-medios\/files\/2019\/11\/lopez-tarso-2.jpg 569w, https:\/\/www.4uic.mx\/en-los-medios\/files\/2019\/11\/lopez-tarso-2-300x151.jpg 300w\" sizes=\"(max-width: 569px) 100vw, 569px\" \/><\/a><\/div>\n","protected":false},"excerpt":{"rendered":"<p>Peri\u00f3dico Reforma, Secci\u00f3n Universitarios 29 de noviembre de 2019 Cd. de M\u00e9xico, M\u00e9xico (29 noviembre 2019).-\u00a0Para Leticia Fabi\u00e1n Ruiz, maestra en Guionismo por la Universidad Intercontinental (UIC), las vivencias de su abuelo materno s\u00f3lo pod\u00edan ser representadas en un cortometraje por una persona: el actor Ignacio L\u00f3pez Tarso.<\/p>\n","protected":false},"author":1,"featured_media":362,"comment_status":"open","ping_status":"open","sticky":false,"template":"","format":"standard","meta":[],"categories":[2],"tags":[],"_links":{"self":[{"href":"https:\/\/www.4uic.mx\/en-los-medios\/wp-json\/wp\/v2\/posts\/359"}],"collection":[{"href":"https:\/\/www.4uic.mx\/en-los-medios\/wp-json\/wp\/v2\/posts"}],"about":[{"href":"https:\/\/www.4uic.mx\/en-los-medios\/wp-json\/wp\/v2\/types\/post"}],"author":[{"embeddable":true,"href":"https:\/\/www.4uic.mx\/en-los-medios\/wp-json\/wp\/v2\/users\/1"}],"replies":[{"embeddable":true,"href":"https:\/\/www.4uic.mx\/en-los-medios\/wp-json\/wp\/v2\/comments?post=359"}],"version-history":[{"count":5,"href":"https:\/\/www.4uic.mx\/en-los-medios\/wp-json\/wp\/v2\/posts\/359\/revisions"}],"predecessor-version":[{"id":368,"href":"https:\/\/www.4uic.mx\/en-los-medios\/wp-json\/wp\/v2\/posts\/359\/revisions\/368"}],"wp:featuredmedia":[{"embeddable":true,"href":"https:\/\/www.4uic.mx\/en-los-medios\/wp-json\/wp\/v2\/media\/362"}],"wp:attachment":[{"href":"https:\/\/www.4uic.mx\/en-los-medios\/wp-json\/wp\/v2\/media?parent=359"}],"wp:term":[{"taxonomy":"category","embeddable":true,"href":"https:\/\/www.4uic.mx\/en-los-medios\/wp-json\/wp\/v2\/categories?post=359"},{"taxonomy":"post_tag","embeddable":true,"href":"https:\/\/www.4uic.mx\/en-los-medios\/wp-json\/wp\/v2\/tags?post=359"}],"curies":[{"name":"wp","href":"https:\/\/api.w.org\/{rel}","templated":true}]}}